{"id":437,"date":"2011-06-17T22:24:40","date_gmt":"2011-06-17T20:24:40","guid":{"rendered":"http:\/\/www.rdejeux.net\/blog\/?p=437"},"modified":"2011-06-17T22:24:40","modified_gmt":"2011-06-17T20:24:40","slug":"songes-de-lames-resident-evil-iii-i-will-survive","status":"publish","type":"post","link":"https:\/\/rdejeux.net\/blog\/2011\/06\/17\/songes-de-lames-resident-evil-iii-i-will-survive","title":{"rendered":"Songes de Lames &#8211; Resident Evil III, I will survive"},"content":{"rendered":"<p>&nbsp;<\/p>\n<p><a href=\"https:\/\/i0.wp.com\/img202.imageshack.us\/img202\/1985\/image1c.png\" target=\"_blank\" rel=\"lightbox[437]\"><img data-recalc-dims=\"1\" loading=\"lazy\" decoding=\"async\" data-attachment-id=\"451\" data-permalink=\"https:\/\/rdejeux.net\/blog\/2011\/06\/17\/songes-de-lames-resident-evil-iii-i-will-survive\/affiche\" data-orig-file=\"https:\/\/i0.wp.com\/rdejeux.net\/blog\/wp-content\/uploads\/Affiche.png?fit=555%2C785&amp;ssl=1\" data-orig-size=\"555,785\" data-comments-opened=\"1\" data-image-meta=\"{&quot;aperture&quot;:&quot;0&quot;,&quot;credit&quot;:&quot;&quot;,&quot;camera&quot;:&quot;&quot;,&quot;caption&quot;:&quot;&quot;,&quot;created_timestamp&quot;:&quot;0&quot;,&quot;copyright&quot;:&quot;&quot;,&quot;focal_length&quot;:&quot;0&quot;,&quot;iso&quot;:&quot;0&quot;,&quot;shutter_speed&quot;:&quot;0&quot;,&quot;title&quot;:&quot;&quot;}\" data-image-title=\"Affiche\" data-image-description=\"\" data-image-caption=\"\" data-large-file=\"https:\/\/i0.wp.com\/rdejeux.net\/blog\/wp-content\/uploads\/Affiche.png?fit=555%2C785&amp;ssl=1\" class=\"size-medium wp-image-451 alignleft\" title=\"Affiche\" src=\"https:\/\/i0.wp.com\/www.rdejeux.net\/blog\/wp-content\/uploads\/Affiche-212x300.png?resize=212%2C300\" alt=\"\" width=\"212\" height=\"300\" srcset=\"https:\/\/i0.wp.com\/rdejeux.net\/blog\/wp-content\/uploads\/Affiche.png?resize=212%2C300&amp;ssl=1 212w, https:\/\/i0.wp.com\/rdejeux.net\/blog\/wp-content\/uploads\/Affiche.png?resize=106%2C150&amp;ssl=1 106w, https:\/\/i0.wp.com\/rdejeux.net\/blog\/wp-content\/uploads\/Affiche.png?w=555&amp;ssl=1 555w\" sizes=\"auto, (max-width: 212px) 100vw, 212px\" \/><\/a>Petit retour tardif sur une \u00ab\u00a0OP\u00a0\u00bb en <em>airsoft <\/em>sur le th\u00e8me de <strong>Resident Evil <\/strong>(les jeux vid\u00e9o plus que les films).<br \/>\nElle s&rsquo;est d\u00e9roul\u00e9e les 21 &amp; 22 Nov. 2009.<!--more--><\/p>\n<p>Des personnels Umbrella en s\u00e9minaire, des Texans, des Zombies et des billes de 6mm&#8230;<\/p>\n<p><a href=\"http:\/\/picasaweb.google.fr\/ihryll\/SongesDeLamesResidentEvilIII\" target=\"_blank\">Ma Gallerie<\/a>, <a title=\"Gallerie 1\" href=\"http:\/\/picasaweb.google.com\/guirod8\/OPIWILLSURVIVE\" target=\"_blank\">Galerie 1<\/a>, <a href=\"http:\/\/picasaweb.google.com\/ehellyos\/OPResidentEvil3?authkey=Gv1sRgCMSf19vIx964ugE\" target=\"_blank\">Galerie 2<\/a>, <a href=\"http:\/\/slphotos33.free.fr\/Galerie\/thumbnails.php?album=14&amp;page=1\" target=\"_blank\">Galerie 3 (pro)<\/a><\/p>\n<p>&nbsp;<\/p>\n","protected":false},"excerpt":{"rendered":"<p>&nbsp; Petit retour tardif sur une \u00ab\u00a0OP\u00a0\u00bb en airsoft sur le th\u00e8me de Resident Evil (les jeux vid\u00e9o plus que les films). Elle s&rsquo;est d\u00e9roul\u00e9e les 21 &amp; 22 Nov. 2009.<\/p><p><a class=\"more-link btn\" href=\"https:\/\/rdejeux.net\/blog\/2011\/06\/17\/songes-de-lames-resident-evil-iii-i-will-survive\">Lire la suite<\/a><\/p>\n","protected":false},"author":2,"featured_media":0,"comment_status":"open","ping_status":"open","sticky":false,"template":"","format":"standard","meta":{"jetpack_post_was_ever_published":false,"_jetpack_newsletter_access":"","_jetpack_dont_email_post_to_subs":false,"_jetpack_newsletter_tier_id":0,"_jetpack_memberships_contains_paywalled_content":false,"_jetpack_memberships_contains_paid_content":false,"footnotes":"","jetpack_publicize_message":"","jetpack_publicize_feature_enabled":true,"jetpack_social_post_already_shared":false,"jetpack_social_options":{"image_generator_settings":{"template":"highway","default_image_id":0,"font":"","enabled":false},"version":2}},"categories":[161],"tags":[220,70,162],"class_list":["post-437","post","type-post","status-publish","format-standard","hentry","category-airsoft","tag-airsoft","tag-grandeur-nature","tag-resident-evil","item-wrap"],"views":4667,"jetpack_publicize_connections":[],"jetpack_featured_media_url":"","jetpack_shortlink":"https:\/\/wp.me\/p1Fni4-73","jetpack_sharing_enabled":true,"_links":{"self":[{"href":"https:\/\/rdejeux.net\/blog\/wp-json\/wp\/v2\/posts\/437","targetHints":{"allow":["GET"]}}],"collection":[{"href":"https:\/\/rdejeux.net\/blog\/wp-json\/wp\/v2\/posts"}],"about":[{"href":"https:\/\/rdejeux.net\/blog\/wp-json\/wp\/v2\/types\/post"}],"author":[{"embeddable":true,"href":"https:\/\/rdejeux.net\/blog\/wp-json\/wp\/v2\/users\/2"}],"replies":[{"embeddable":true,"href":"https:\/\/rdejeux.net\/blog\/wp-json\/wp\/v2\/comments?post=437"}],"version-history":[{"count":13,"href":"https:\/\/rdejeux.net\/blog\/wp-json\/wp\/v2\/posts\/437\/revisions"}],"predecessor-version":[{"id":759,"href":"https:\/\/rdejeux.net\/blog\/wp-json\/wp\/v2\/posts\/437\/revisions\/759"}],"wp:attachment":[{"href":"https:\/\/rdejeux.net\/blog\/wp-json\/wp\/v2\/media?parent=437"}],"wp:term":[{"taxonomy":"category","embeddable":true,"href":"https:\/\/rdejeux.net\/blog\/wp-json\/wp\/v2\/categories?post=437"},{"taxonomy":"post_tag","embeddable":true,"href":"https:\/\/rdejeux.net\/blog\/wp-json\/wp\/v2\/tags?post=437"}],"curies":[{"name":"wp","href":"https:\/\/api.w.org\/{rel}","templated":true}]}}